{"id":6531,"date":"2023-06-08T05:38:38","date_gmt":"2023-06-08T05:38:38","guid":{"rendered":"http:\/\/opio.waw.pl\/wp\/?p=6531"},"modified":"2023-06-08T05:38:38","modified_gmt":"2023-06-08T05:38:38","slug":"8-czerwca-2023-uroczystosc-najswietszego-ciala-i-krwi-pana-jezusa-ogloszenia-duszpasterskie","status":"publish","type":"post","link":"http:\/\/opio.waw.pl\/wp\/2023\/06\/08\/8-czerwca-2023-uroczystosc-najswietszego-ciala-i-krwi-pana-jezusa-ogloszenia-duszpasterskie\/","title":{"rendered":"8 czerwca 2023 Uroczysto\u015b\u0107 Naj\u015bwi\u0119tszego Cia\u0142a i Krwi Pana Jezusa &#8211; og\u0142oszenia duszpasterskie"},"content":{"rendered":"<p><strong>OG\u0141OSZENIA DUSZPASTERSKIE<br \/>\nUROCZYSTO\u015a\u0106 NAJ\u015aWI\u0118TSZEGO CIA\u0141A I KRWI CHRYSTUSA<br \/>\n8 CZERWCA 2023 ROKU<\/strong><\/p>\n<p>&nbsp;<\/p>\n<p>&nbsp;<\/p>\n<ol>\n<li>Dzi\u015b przypada Uroczysto\u015b\u0107 Naj\u015bwi\u0119tszego Cia\u0142a i Krwi Pa\u0144skiej. Msze \u015bw. dzi\u015b b\u0119d\u0105 sprawowane wed\u0142ug nast\u0119puj\u0105cego porz\u0105dku: 7.30, 9.00, 10.30, 18.00 i 20.30. Po Mszy \u015bw. o godz. 10.30 b\u0119dzie mia\u0142a miejsce procesja do IV o\u0142tarzy. Tego dnia nabo\u017ce\u0144stwo czerwcowe zostanie od\u015bpiewane podczas procesji.<\/li>\n<\/ol>\n<p>&nbsp;<\/p>\n<ol start=\"2\">\n<li>Nabo\u017ce\u0144stwo czerwcowe dzi\u015b o godz. 17.15, za\u015b w dni powszednie po Mszy \u015bw. o godz. 18.00.<\/li>\n<\/ol>\n<p>&nbsp;<\/p>\n<ol start=\"3\">\n<li>Jutro nie obowi\u0105zuje wstrzemi\u0119\u017aliwo\u015b\u0107 od pokarm\u00f3w mi\u0119snych.<\/li>\n<\/ol>\n<p>&nbsp;<\/p>\n<ol start=\"4\">\n<li>Jutro kancelaria parafialna b\u0119dzie nieczynna.<\/li>\n<\/ol>\n<p>&nbsp;<\/p>\n<ol start=\"5\">\n<li>W czerwcu podczas Mszy \u015bw. o godz. 18.00 w ramach homilii przybli\u017camy nauczanie \u015bw. Jana Paw\u0142a II.<\/li>\n<\/ol>\n<p>&nbsp;<\/p>\n<ol start=\"6\">\n<li>Do przysz\u0142ego czwartku w\u0142\u0105cznie po Mszy \u015bw. o godz. 18.00 b\u0119d\u0105 odbywa\u0142y si\u0119 Nieszpory a po nich procesja eucharystyczna.<\/li>\n<\/ol>\n<p>&nbsp;<\/p>\n<ol start=\"7\">\n<li>Od 26 czerwca do ko\u0144ca sierpnia zawieszamy codzienn\u0105 adoracj\u0119 Naj\u015bwi\u0119tszego Sakramentu i Msz\u0119 \u015bw. o 15.00 w dni powszednie.<\/li>\n<\/ol>\n<p>&nbsp;<\/p>\n<ol start=\"8\">\n<li>Parafialna pielgrzymka do Medjugorie od 2 do 8 sierpnia. Koszt 1890 z\u0142. Zapisy w zakrystii.<\/li>\n<\/ol>\n<p>&nbsp;<\/p>\n<ol start=\"9\">\n<li>Wyjazd na czuwanie Grup Modlitwy \u015bw. Ojca Pio -Krak\u00f3w \u2013 \u0141agiewniki 17 czerwca. Wyjazd o 9.00 rano. Powr\u00f3t po p\u00f3\u0142nocy. Koszt 100 z\u0142. Zapisy w zakrystii.<\/li>\n<\/ol>\n<p>&nbsp;<\/p>\n<ol start=\"10\">\n<li>Parafialna Pielgrzymka na Malt\u0119 5-12 pa\u017adziernika . Koszt 3990. Zapisy w zakrystii.<\/li>\n<\/ol>\n<p>&nbsp;<\/p>\n<ol start=\"11\">\n<li>Prasa katolicka pod ch\u00f3rem.<\/li>\n<\/ol>\n<p>&nbsp;<\/p>\n<p>&nbsp;<\/p>\n<p>Kustosz Sanktuarium \u015bw. Ojca Pio<br \/>\nKs. Pra\u0142at Andrzej Kuflikowski<\/p>\n<p>&nbsp;<\/p>\n<p>&nbsp;<\/p>\n<p>Katecheza nr 239<\/p>\n<p>Jezus zaprasza do jedno\u015bci. Tymczasem samo przyjmowanie Jego Cia\u0142a dzieli. Jedni na r\u0119k\u0119, inni na kolanach jeszcze inni na stoj\u0105co. Ka\u017cdy przyjmuje tego samego Jezusa i ka\u017cdy twierdzi, \u017ce to w\u0142a\u015bnie On ma racje. Jezus jest Jeden. Dzi\u015b przyjmujesz Go na kl\u0119cz\u0105co, na stoj\u0105c\u0105 albo na r\u0119k\u0119 ale wierzysz, \u017ce z ostatni\u0105 komuni\u0105 Ksi\u0105dz zd\u0105\u017cy by\u015b przyj\u0105\u0142 na le\u017c\u0105co\u2026 B\u00f3g \u0142\u0105czy a nie dzieli\u2026<\/p>\n","protected":false},"excerpt":{"rendered":"<p>OG\u0141OSZENIA DUSZPASTERSKIE UROCZYSTO\u015a\u0106 NAJ\u015aWI\u0118TSZEGO CIA\u0141A I KRWI CHRYSTUSA 8 CZERWCA 2023 ROKU &nbsp; &nbsp; Dzi\u015b przypada Uroczysto\u015b\u0107 Naj\u015bwi\u0119tszego Cia\u0142a i Krwi Pa\u0144skiej. Msze \u015bw. dzi\u015b b\u0119d\u0105 sprawowane wed\u0142ug nast\u0119puj\u0105cego porz\u0105dku: 7.30, 9.00, 10.30, 18.00 i 20.30. Po Mszy \u015bw. o godz. 10.30 b\u0119dzie mia\u0142a miejsce procesja do IV o\u0142tarzy. Tego dnia nabo\u017ce\u0144stwo czerwcowe zostanie od\u015bpiewane [&hellip;]<\/p>\n","protected":false},"author":2,"featured_media":0,"comment_status":"open","ping_status":"open","sticky":false,"template":"","format":"standard","meta":{"footnotes":""},"categories":[4],"tags":[],"class_list":["post-6531","post","type-post","status-publish","format-standard","hentry","category-ogloszenia-parafialne"],"_links":{"self":[{"href":"http:\/\/opio.waw.pl\/wp\/wp-json\/wp\/v2\/posts\/6531"}],"collection":[{"href":"http:\/\/opio.waw.pl\/wp\/wp-json\/wp\/v2\/posts"}],"about":[{"href":"http:\/\/opio.waw.pl\/wp\/wp-json\/wp\/v2\/types\/post"}],"author":[{"embeddable":true,"href":"http:\/\/opio.waw.pl\/wp\/wp-json\/wp\/v2\/users\/2"}],"replies":[{"embeddable":true,"href":"http:\/\/opio.waw.pl\/wp\/wp-json\/wp\/v2\/comments?post=6531"}],"version-history":[{"count":1,"href":"http:\/\/opio.waw.pl\/wp\/wp-json\/wp\/v2\/posts\/6531\/revisions"}],"predecessor-version":[{"id":6532,"href":"http:\/\/opio.waw.pl\/wp\/wp-json\/wp\/v2\/posts\/6531\/revisions\/6532"}],"wp:attachment":[{"href":"http:\/\/opio.waw.pl\/wp\/wp-json\/wp\/v2\/media?parent=6531"}],"wp:term":[{"taxonomy":"category","embeddable":true,"href":"http:\/\/opio.waw.pl\/wp\/wp-json\/wp\/v2\/categories?post=6531"},{"taxonomy":"post_tag","embeddable":true,"href":"http:\/\/opio.waw.pl\/wp\/wp-json\/wp\/v2\/tags?post=6531"}],"curies":[{"name":"wp","href":"https:\/\/api.w.org\/{rel}","templated":true}]}}