{"id":6878,"date":"2024-01-05T22:18:47","date_gmt":"2024-01-05T22:18:47","guid":{"rendered":"http:\/\/opio.waw.pl\/wp\/?p=6878"},"modified":"2024-01-05T22:18:47","modified_gmt":"2024-01-05T22:18:47","slug":"06-01-2024-slowo-na-swieto-objawienia-panskiego","status":"publish","type":"post","link":"http:\/\/opio.waw.pl\/wp\/2024\/01\/05\/06-01-2024-slowo-na-swieto-objawienia-panskiego\/","title":{"rendered":"06.01.2024 &#8211; S\u0142owo na \u015awi\u0119to Objawienia Pa\u0144skiego"},"content":{"rendered":"<p style=\"text-align: center;\"><span style=\"color: #000080; font-size: 12pt;\"><strong>6 Stycznia 2024 roku \u015awi\u0119to Objawienia Pa\u0144skiego<\/strong><\/span><\/p>\n<p style=\"text-align: center;\"><span style=\"color: #000080; font-size: 14pt;\">\u201eGdzie jest nowo narodzony Kr\u00f3l \u017cydowski? Ujrzeli\u015bmy bowiem Jego gwiazd\u0119 na Wschodzie i przybyli\u015bmy odda\u0107 Mu pok\u0142on\u201d. <\/span><\/p>\n<p>Od Monarch\u00f3w kt\u00f3rzy przybyli, aby odda\u0107 pok\u0142on Bogu ka\u017cdy z nas mo\u017ce si\u0119 wiele nauczy\u0107. Trud w\u0119dr\u00f3wki, ofiara, a mo\u017ce ciekawo\u015b\u0107 sprawi\u0142y, \u017ce z dalekich krain wyruszyli by szuka\u0107 nowonarodzonego Kr\u00f3la \u017bydowskiego.<\/p>\n<p>Historia ukazuje ich pok\u0142on jako swoistego rodzaju wyznanie wiary przez ca\u0142y \u015bwiat poga\u0144ski. Ka\u017cdy z nas patrz\u0105c na Mag\u00f3w powinien zada\u0107 sobie pytanie: Czy ja Boga szukam w swoim \u017cyciu? Czy jestem gotowy odda\u0107 Mu pok\u0142on i z\u0142o\u017cy\u0107 dary? Mo\u017ce wcale Boga nie szukam, wr\u0119cz przeciwnie &#8211; uciekam przed Nim. Mo\u017ce bardziej jestem podobny do Adama i Ewy, kt\u00f3rzy po grzechu uciekali przed Stw\u00f3rc\u0105 ni\u017c do mag\u00f3w, kt\u00f3rzy opu\u015bcili swe krainy, aby szuka\u0107 Boga?<\/p>\n<p>Do kogo jestem bardziej podobny? Do tego, kt\u00f3ry si\u0119 ukrywa przed Bogiem? Czy do tego, kt\u00f3ry Boga szuka?<\/p>\n","protected":false},"excerpt":{"rendered":"<p>6 Stycznia 2024 roku \u015awi\u0119to Objawienia Pa\u0144skiego \u201eGdzie jest nowo narodzony Kr\u00f3l \u017cydowski? Ujrzeli\u015bmy bowiem Jego gwiazd\u0119 na Wschodzie i przybyli\u015bmy odda\u0107 Mu pok\u0142on\u201d. Od Monarch\u00f3w kt\u00f3rzy przybyli, aby odda\u0107 pok\u0142on Bogu ka\u017cdy z nas mo\u017ce si\u0119 wiele nauczy\u0107. Trud w\u0119dr\u00f3wki, ofiara, a mo\u017ce ciekawo\u015b\u0107 sprawi\u0142y, \u017ce z dalekich krain wyruszyli by szuka\u0107 nowonarodzonego Kr\u00f3la [&hellip;]<\/p>\n","protected":false},"author":2,"featured_media":0,"comment_status":"open","ping_status":"open","sticky":false,"template":"","format":"standard","meta":{"footnotes":""},"categories":[5],"tags":[],"class_list":["post-6878","post","type-post","status-publish","format-standard","hentry","category-slowo-na-niedziele"],"_links":{"self":[{"href":"http:\/\/opio.waw.pl\/wp\/wp-json\/wp\/v2\/posts\/6878"}],"collection":[{"href":"http:\/\/opio.waw.pl\/wp\/wp-json\/wp\/v2\/posts"}],"about":[{"href":"http:\/\/opio.waw.pl\/wp\/wp-json\/wp\/v2\/types\/post"}],"author":[{"embeddable":true,"href":"http:\/\/opio.waw.pl\/wp\/wp-json\/wp\/v2\/users\/2"}],"replies":[{"embeddable":true,"href":"http:\/\/opio.waw.pl\/wp\/wp-json\/wp\/v2\/comments?post=6878"}],"version-history":[{"count":2,"href":"http:\/\/opio.waw.pl\/wp\/wp-json\/wp\/v2\/posts\/6878\/revisions"}],"predecessor-version":[{"id":6880,"href":"http:\/\/opio.waw.pl\/wp\/wp-json\/wp\/v2\/posts\/6878\/revisions\/6880"}],"wp:attachment":[{"href":"http:\/\/opio.waw.pl\/wp\/wp-json\/wp\/v2\/media?parent=6878"}],"wp:term":[{"taxonomy":"category","embeddable":true,"href":"http:\/\/opio.waw.pl\/wp\/wp-json\/wp\/v2\/categories?post=6878"},{"taxonomy":"post_tag","embeddable":true,"href":"http:\/\/opio.waw.pl\/wp\/wp-json\/wp\/v2\/tags?post=6878"}],"curies":[{"name":"wp","href":"https:\/\/api.w.org\/{rel}","templated":true}]}}