{"id":6972,"date":"2024-02-13T21:58:13","date_gmt":"2024-02-13T21:58:13","guid":{"rendered":"http:\/\/opio.waw.pl\/wp\/?p=6972"},"modified":"2024-02-13T21:58:13","modified_gmt":"2024-02-13T21:58:13","slug":"14-lutego-2024-sroda-popielcowa","status":"publish","type":"post","link":"http:\/\/opio.waw.pl\/wp\/2024\/02\/13\/14-lutego-2024-sroda-popielcowa\/","title":{"rendered":"14 lutego 2024 \u015aroda Popielcowa"},"content":{"rendered":"<p style=\"text-align: center;\"><strong><span style=\"color: #000080;\">OG\u0141OSZENIA DUSZPASTERSKIE<\/span><\/strong><br \/>\n<strong><span style=\"color: #000080;\">\u015aRODA POPIELCOWA<\/span><\/strong><\/p>\n<ol>\n<li>Dzi\u015b rozpoczyna si\u0119 Wielki Post. Msze \u015bw. z obrz\u0119dem posypania g\u0142\u00f3w popio\u0142em w naszej \u015bwi\u0105tyni sprawowane s\u0105 o godz. 7.00, 8.00, 9.00, 10.00, 15.00, 16.00, 17.00, 18.00 i 20.30.<\/li>\n<li>Dzi\u015b obowi\u0105zuje post \u015bcis\u0142y \u2013 jako\u015bciowy i ilo\u015bciowy. Ka\u017cdy od 18 do 60 roku \u017cycia zobowi\u0105zany jest do powstrzymywania si\u0119 od pokarm\u00f3w mi\u0119snych i spo\u017cywania tego dnia wy\u0142\u0105cznie 3 posi\u0142k\u00f3w i tylko jednego do syta.<\/li>\n<li>W pi\u0105tki Wielkiego Postu odbywaj\u0105 si\u0119 nabo\u017ce\u0144stwa Drogi krzy\u017cowej. W naszej parafii b\u0119d\u0105 sprawowane o godz. 9.30,<br \/>\n17.15 \u2013 dla dzieci, 18.30 i 20.00.<\/li>\n<li>W pi\u0105tek po Mszy \u015bw. o godz. 18.00 w kaplicy odb\u0119dzie si\u0119 kolejne spotkanie przed sakramentem bierzmowania.<\/li>\n<li>W sobot\u0119 o godz. 10.00 odb\u0119dzie si\u0119 kolejna katecheza przed sakramentem Pierwszej Komunii \u015bwi\u0119tej. Na to spotkanie zapraszamy wy\u0142\u0105cznie rodzic\u00f3w.<\/li>\n<li>W niedziele Wielkiego Postu o godz. 17.15 b\u0119d\u0105 celebrowane nabo\u017ce\u0144stwa Gorzkich \u017bali. Nauki pasyjne wyg\u0142osi O. Azariasz Hess.<\/li>\n<li>Kurs przedma\u0142\u017ce\u0144ski rozpocznie si\u0119 w naszej parafii w \u015brod\u0119 6 marca, o godz. 19.00 w kaplicy. Zapisy na pierwszym spotkaniu.<\/li>\n<li>Dzi\u0119kujemy wszystkim parafianom, kt\u00f3rzy przyj\u0119li nas po kol\u0119dzie. W najbli\u017cszych dniach planujemy odwiedzi\u0107 naszych parafian zamieszkuj\u0105cych nast\u0119puj\u0105ce bloki.<\/li>\n<\/ol>\n<p style=\"padding-left: 80px;\"><span style=\"color: #000080;\">Czwartek<\/span> \u2013 ul. Jugos\u0142owia\u0144ska 15C, 15D, 17<\/p>\n<p style=\"padding-left: 80px;\"><span style=\"color: #000080;\">Sobota<\/span> \u2013 ul. Jugos\u0142owia\u0144ska 17A, 17B, 17C, 17D.<\/p>\n<p>W sobot\u0119 ko\u0144czymy wizyt\u0119 duszpastersk\u0105. Wszystkich parafian, kt\u00f3rzy nie mogli przyj\u0105\u0107 nas po kol\u0119dzie w wyznaczonym przez nas czasie, a chcieliby nas go\u015bci\u0107 w swoich domach prosimy o zg\u0142aszanie si\u0119 do zakrystii w celu um\u00f3wienia dogodnego terminu spotkania.<\/p>\n<ol start=\"9\">\n<li>W sobot\u0119 9 marca organizowana jest pielgrzymka do Lichenia i Kalisza dla wsp\u00f3lnoty r\u00f3\u017ca\u0144cowej Pa\u0144 i Pan\u00f3w. Wyjazd o godz. 6.00. Powr\u00f3t oko\u0142o 20.00 Koszt 70 z\u0142. Zapisy w zakrystii.<\/li>\n<\/ol>\n<p style=\"text-align: right;\">Ksi\u0105dz Proboszcz Andrzej Kuflikowski<br \/>\nKustosz Sanktuarium \u015bw. Ojca Pio<\/p>\n<p style=\"text-align: center;\"><span style=\"color: #000080;\"><strong>Katecheza nr 282<\/strong><\/span><\/p>\n<p>Nie spacer, nie wyjazd, nie SPA. Czasami najlepsze co mo\u017cemy dla siebie zrobi\u0107 to wy\u0142\u0105czy\u0107 telefon. Nie odbiera\u0107, nie odpisywa\u0107,<br \/>\nnie sp\u0119dza\u0107 czasu na portalach spo\u0142eczno\u015bciowych. Chwil\u0119 by\u0107 off line.<\/p>\n<p>Niby cenimy wolno\u015b\u0107 a dali\u015bmy si\u0119 uwi\u0105za\u0107. I to sami sobie ten los zgotowali\u015bmy.<\/p>\n<p>S\u0105 ludzie, kt\u00f3rzy wi\u0119cej metr\u00f3w dziennie robi\u0105 palcem po ekranie smartfon\u00f3w ni\u017c na w\u0142asnych nogach.<\/p>\n<p>Rozpocz\u0105\u0142 si\u0119 Wielki Post. Mo\u017ce zamiast embarga na s\u0142odycze, lepiej zafundowa\u0107 sobie detoks od medi\u00f3w spo\u0142eczno\u015bciowych?<\/p>\n","protected":false},"excerpt":{"rendered":"<p>OG\u0141OSZENIA DUSZPASTERSKIE \u015aRODA POPIELCOWA Dzi\u015b rozpoczyna si\u0119 Wielki Post. Msze \u015bw. z obrz\u0119dem posypania g\u0142\u00f3w popio\u0142em w naszej \u015bwi\u0105tyni sprawowane s\u0105 o godz. 7.00, 8.00, 9.00, 10.00, 15.00, 16.00, 17.00, 18.00 i 20.30. Dzi\u015b obowi\u0105zuje post \u015bcis\u0142y \u2013 jako\u015bciowy i ilo\u015bciowy. Ka\u017cdy od 18 do 60 roku \u017cycia zobowi\u0105zany jest do powstrzymywania si\u0119 od pokarm\u00f3w [&hellip;]<\/p>\n","protected":false},"author":2,"featured_media":0,"comment_status":"open","ping_status":"open","sticky":false,"template":"","format":"standard","meta":{"footnotes":""},"categories":[4],"tags":[],"class_list":["post-6972","post","type-post","status-publish","format-standard","hentry","category-ogloszenia-parafialne"],"_links":{"self":[{"href":"http:\/\/opio.waw.pl\/wp\/wp-json\/wp\/v2\/posts\/6972"}],"collection":[{"href":"http:\/\/opio.waw.pl\/wp\/wp-json\/wp\/v2\/posts"}],"about":[{"href":"http:\/\/opio.waw.pl\/wp\/wp-json\/wp\/v2\/types\/post"}],"author":[{"embeddable":true,"href":"http:\/\/opio.waw.pl\/wp\/wp-json\/wp\/v2\/users\/2"}],"replies":[{"embeddable":true,"href":"http:\/\/opio.waw.pl\/wp\/wp-json\/wp\/v2\/comments?post=6972"}],"version-history":[{"count":3,"href":"http:\/\/opio.waw.pl\/wp\/wp-json\/wp\/v2\/posts\/6972\/revisions"}],"predecessor-version":[{"id":6975,"href":"http:\/\/opio.waw.pl\/wp\/wp-json\/wp\/v2\/posts\/6972\/revisions\/6975"}],"wp:attachment":[{"href":"http:\/\/opio.waw.pl\/wp\/wp-json\/wp\/v2\/media?parent=6972"}],"wp:term":[{"taxonomy":"category","embeddable":true,"href":"http:\/\/opio.waw.pl\/wp\/wp-json\/wp\/v2\/categories?post=6972"},{"taxonomy":"post_tag","embeddable":true,"href":"http:\/\/opio.waw.pl\/wp\/wp-json\/wp\/v2\/tags?post=6972"}],"curies":[{"name":"wp","href":"https:\/\/api.w.org\/{rel}","templated":true}]}}